{"id":2304,"date":"2026-09-03T09:23:20","date_gmt":"2026-09-03T09:23:20","guid":{"rendered":"https:\/\/postrockisdead.com\/?p=2304"},"modified":"2026-09-03T09:23:20","modified_gmt":"2026-09-03T09:23:20","slug":"haley-fohr-circuit-des-yeux-le-pone-banda-sonora-a-nosferatu","status":"publish","type":"post","link":"https:\/\/postrockisdead.com\/index.php\/2026\/09\/03\/haley-fohr-circuit-des-yeux-le-pone-banda-sonora-a-nosferatu\/","title":{"rendered":"Haley Fohr (Circuit des Yeux) le pone banda sonora a Nosferatu"},"content":{"rendered":"<p style=\"text-align: justify;\"><strong>Haley Fohr<\/strong>, la persona detr\u00e1s del proyecto <strong>Circuit des Yeux<\/strong>, ha empezado a hacer una serie de lanzamientos de proyectos bajo producci\u00f3n propia. Bajo el nombre\u00a0<strong>Selector Series<\/strong>, el primer paso se trata de\u00a0<strong>Nosferatu<\/strong>, el cu\u00e1l saldr\u00e1 el pr\u00f3ximo <strong>31 de octubre<\/strong>. La banda sonora contar\u00e1 con la participaci\u00f3n del integrante de Low,\u00a0<strong>Alan Sparhawk.<\/strong><\/p>\n<p style=\"text-align: justify;\">As\u00ed lo propone la propia Haley: \u00ab<em>Es mi banda sonora para la pel\u00edcula muda de 1922. Grabada y mezclada entre 2025 y 2026. &#8216;Nosferatu&#8217; y el resto de los lanzamientos de Selector Series solo estar\u00e1n disponibles a trav\u00e9s de mis cuentas de Patreon y Bandcamp. Este LP se podr\u00e1 adquirir exclusivamente en mi Patreon y durante las presentaciones en directo programadas para los meses de octubre y noviembre. Si no puedes asistir a nuestra proyecci\u00f3n de la pel\u00edcula, puedes suscribirte a mi Patreon; as\u00ed obtendr\u00e1s autom\u00e1ticamente la descarga el d\u00eda de su lanzamiento y tendr\u00e1s acceso a la compra de una edici\u00f3n muy limitada del LP<\/em>\u00ab.<\/p>\n<p style=\"text-align: center;\"><em><strong>Tracklist:<\/strong><\/em><\/p>\n<p style=\"text-align: center;\">01. Lover\u2019s Lament<br \/>\n02. The Realtor Is A Hidden Foe<br \/>\n03. Journey to Transylvania<br \/>\n04. Nosferatu Sighting #2<br \/>\n05. Angels of Hope Disappearing<br \/>\n06. Microscopic Bloodsucking<br \/>\n07. Lover\u2019s Lament Revisited<\/p>\n<p><img loading=\"lazy\" decoding=\"async\" class=\"aligncenter wp-image-2307\" title=\"Circuit des Yeux \" src=\"https:\/\/postrockisdead.com\/wp-content\/uploads\/2026\/09\/Circuit-des-Yeux-cd-2026-150x150.jpg\" alt=\"Circuit des Yeux \" width=\"550\" height=\"550\" srcset=\"https:\/\/postrockisdead.com\/wp-content\/uploads\/2026\/09\/Circuit-des-Yeux-cd-2026-150x150.jpg 150w, https:\/\/postrockisdead.com\/wp-content\/uploads\/2026\/09\/Circuit-des-Yeux-cd-2026-300x300.jpg 300w, https:\/\/postrockisdead.com\/wp-content\/uploads\/2026\/09\/Circuit-des-Yeux-cd-2026.jpg 700w\" sizes=\"auto, (max-width: 550px) 100vw, 550px\" \/><\/p>\n<p>&#8216;<em>Nosferatu<\/em>&#8216; se puede reservar <a href=\"https:\/\/linktr.ee\/circuitdesyeux?fbclid=IwY2xjawUGG35wZG9mAWV4dG4DYWVtAjEwAGJyaWQRMEFOa0dMTWNaREk0ZGVsb0dzcnRjBmFwcF9pZBAyMjIwMzkxNzg4MjAwODkyAAEeKFje86iXBoHH3VBNsd9oXbGaBHzV8mVGpIjaGzByCfaTorUn_BitntLNJjQ_aem_upqcZlFNLQArKKWDlOKAww\"><strong>aqu\u00ed<\/strong><\/a>. Las fechas de presentaci\u00f3n son las siguientes:<\/p>\n<p style=\"text-align: center;\">22.10 Innsbruck<br \/>\n25.10 Dublin<br \/>\n29.10 Ghent<br \/>\n10.31 London<br \/>\n11.01 Bristol<br \/>\n11.02 Newcastle<br \/>\n11.03 Glasgow<br \/>\n11.06 Istanbul<\/p>\n<p><img loading=\"lazy\" decoding=\"async\" class=\"aligncenter wp-image-2305\" title=\"Circuit des Yeux \" src=\"https:\/\/postrockisdead.com\/wp-content\/uploads\/2026\/09\/Circuit-des-Yeux-tour-2026-150x150.jpg\" alt=\"Circuit des Yeux \" width=\"650\" height=\"867\" srcset=\"https:\/\/postrockisdead.com\/wp-content\/uploads\/2026\/09\/Circuit-des-Yeux-tour-2026-225x300.jpg 225w, https:\/\/postrockisdead.com\/wp-content\/uploads\/2026\/09\/Circuit-des-Yeux-tour-2026-768x1024.jpg 768w, https:\/\/postrockisdead.com\/wp-content\/uploads\/2026\/09\/Circuit-des-Yeux-tour-2026-1152x1536.jpg 1152w, https:\/\/postrockisdead.com\/wp-content\/uploads\/2026\/09\/Circuit-des-Yeux-tour-2026.jpg 1440w\" sizes=\"auto, (max-width: 650px) 100vw, 650px\" \/><\/p>\n","protected":false},"excerpt":{"rendered":"<p>Haley Fohr, la persona detr\u00e1s del proyecto Circuit des Yeux, ha empezado a hacer una serie de lanzamientos de proyectos bajo producci\u00f3n propia. Bajo el nombre\u00a0Selector Series, el primer paso se trata de\u00a0Nosferatu, el cu\u00e1l saldr\u00e1 el pr\u00f3ximo 31 de octubre. La banda sonora contar\u00e1 con la participaci\u00f3n del integrante de Low,\u00a0Alan Sparhawk. As\u00ed lo [&hellip;]<\/p>\n","protected":false},"author":1,"featured_media":1365,"comment_status":"open","ping_status":"open","sticky":false,"template":"","format":"standard","meta":{"_acf_changed":false,"footnotes":""},"categories":[6],"tags":[66],"class_list":["post-2304","post","type-post","status-publish","format-standard","has-post-thumbnail","hentry","category-noticias","tag-circuit-des-yeux"],"blocksy_meta":{"styles_descriptor":{"styles":{"desktop":"","tablet":"","mobile":""},"google_fonts":[],"version":7}},"acf":[],"yoast_head":"<!-- This site is optimized with the Yoast SEO plugin v28.4 - https:\/\/yoast.com\/product\/yoast-seo-wordpress\/ -->\n<title>Haley Fohr (Circuit des Yeux) le pone banda sonora a Nosferatu -<\/title>\n<meta name=\"robots\" content=\"index, follow, max-snippet:-1, max-image-preview:large, max-video-preview:-1\" \/>\n<link rel=\"canonical\" href=\"https:\/\/postrockisdead.com\/index.php\/2026\/09\/03\/haley-fohr-circuit-des-yeux-le-pone-banda-sonora-a-nosferatu\/\" \/>\n<meta property=\"og:locale\" content=\"es_ES\" \/>\n<meta property=\"og:type\" content=\"article\" \/>\n<meta property=\"og:title\" content=\"Haley Fohr (Circuit des Yeux) le pone banda sonora a Nosferatu -\" \/>\n<meta property=\"og:description\" content=\"Haley Fohr, la persona detr\u00e1s del proyecto Circuit des Yeux, ha empezado a hacer una serie de lanzamientos de proyectos bajo producci\u00f3n propia. Bajo el nombre\u00a0Selector Series, el primer paso se trata de\u00a0Nosferatu, el cu\u00e1l saldr\u00e1 el pr\u00f3ximo 31 de octubre. La banda sonora contar\u00e1 con la participaci\u00f3n del integrante de Low,\u00a0Alan Sparhawk. As\u00ed lo [&hellip;]\" \/>\n<meta property=\"og:url\" content=\"https:\/\/postrockisdead.com\/index.php\/2026\/09\/03\/haley-fohr-circuit-des-yeux-le-pone-banda-sonora-a-nosferatu\/\" \/>\n<meta property=\"article:published_time\" content=\"2026-09-03T09:23:20+00:00\" \/>\n<meta property=\"og:image\" content=\"https:\/\/postrockisdead.com\/wp-content\/uploads\/2025\/01\/Circuit-Des-Yeux.jpg\" \/>\n\t<meta property=\"og:image:width\" content=\"1830\" \/>\n\t<meta property=\"og:image:height\" content=\"1328\" \/>\n\t<meta property=\"og:image:type\" content=\"image\/jpeg\" \/>\n<meta name=\"author\" content=\"admin\" \/>\n<meta name=\"twitter:card\" content=\"summary_large_image\" \/>\n<meta name=\"twitter:label1\" content=\"Escrito por\" \/>\n\t<meta name=\"twitter:data1\" content=\"admin\" \/>\n\t<meta name=\"twitter:label2\" content=\"Tiempo de lectura\" \/>\n\t<meta name=\"twitter:data2\" content=\"2 minutos\" \/>\n<script type=\"application\/ld+json\" class=\"yoast-schema-graph\">{\"@context\":\"https:\\\/\\\/schema.org\",\"@graph\":[{\"@type\":\"Article\",\"@id\":\"https:\\\/\\\/postrockisdead.com\\\/index.php\\\/2026\\\/09\\\/03\\\/haley-fohr-circuit-des-yeux-le-pone-banda-sonora-a-nosferatu\\\/#article\",\"isPartOf\":{\"@id\":\"https:\\\/\\\/postrockisdead.com\\\/index.php\\\/2026\\\/09\\\/03\\\/haley-fohr-circuit-des-yeux-le-pone-banda-sonora-a-nosferatu\\\/\"},\"author\":{\"name\":\"admin\",\"@id\":\"https:\\\/\\\/postrockisdead.com\\\/#\\\/schema\\\/person\\\/2e9f2d2d2b09959e0983baf35c421382\"},\"headline\":\"Haley Fohr (Circuit des Yeux) le pone banda sonora a Nosferatu\",\"datePublished\":\"2026-09-03T09:23:20+00:00\",\"mainEntityOfPage\":{\"@id\":\"https:\\\/\\\/postrockisdead.com\\\/index.php\\\/2026\\\/09\\\/03\\\/haley-fohr-circuit-des-yeux-le-pone-banda-sonora-a-nosferatu\\\/\"},\"wordCount\":230,\"commentCount\":0,\"image\":{\"@id\":\"https:\\\/\\\/postrockisdead.com\\\/index.php\\\/2026\\\/09\\\/03\\\/haley-fohr-circuit-des-yeux-le-pone-banda-sonora-a-nosferatu\\\/#primaryimage\"},\"thumbnailUrl\":\"https:\\\/\\\/postrockisdead.com\\\/wp-content\\\/uploads\\\/2025\\\/01\\\/Circuit-Des-Yeux.jpg\",\"keywords\":[\"Circuit des Yeux\"],\"articleSection\":[\"NOTICIAS\"],\"inLanguage\":\"es\",\"potentialAction\":[{\"@type\":\"CommentAction\",\"name\":\"Comment\",\"target\":[\"https:\\\/\\\/postrockisdead.com\\\/index.php\\\/2026\\\/09\\\/03\\\/haley-fohr-circuit-des-yeux-le-pone-banda-sonora-a-nosferatu\\\/#respond\"]}]},{\"@type\":\"WebPage\",\"@id\":\"https:\\\/\\\/postrockisdead.com\\\/index.php\\\/2026\\\/09\\\/03\\\/haley-fohr-circuit-des-yeux-le-pone-banda-sonora-a-nosferatu\\\/\",\"url\":\"https:\\\/\\\/postrockisdead.com\\\/index.php\\\/2026\\\/09\\\/03\\\/haley-fohr-circuit-des-yeux-le-pone-banda-sonora-a-nosferatu\\\/\",\"name\":\"Haley Fohr (Circuit des Yeux) le pone banda sonora a Nosferatu -\",\"isPartOf\":{\"@id\":\"https:\\\/\\\/postrockisdead.com\\\/#website\"},\"primaryImageOfPage\":{\"@id\":\"https:\\\/\\\/postrockisdead.com\\\/index.php\\\/2026\\\/09\\\/03\\\/haley-fohr-circuit-des-yeux-le-pone-banda-sonora-a-nosferatu\\\/#primaryimage\"},\"image\":{\"@id\":\"https:\\\/\\\/postrockisdead.com\\\/index.php\\\/2026\\\/09\\\/03\\\/haley-fohr-circuit-des-yeux-le-pone-banda-sonora-a-nosferatu\\\/#primaryimage\"},\"thumbnailUrl\":\"https:\\\/\\\/postrockisdead.com\\\/wp-content\\\/uploads\\\/2025\\\/01\\\/Circuit-Des-Yeux.jpg\",\"datePublished\":\"2026-09-03T09:23:20+00:00\",\"author\":{\"@id\":\"https:\\\/\\\/postrockisdead.com\\\/#\\\/schema\\\/person\\\/2e9f2d2d2b09959e0983baf35c421382\"},\"breadcrumb\":{\"@id\":\"https:\\\/\\\/postrockisdead.com\\\/index.php\\\/2026\\\/09\\\/03\\\/haley-fohr-circuit-des-yeux-le-pone-banda-sonora-a-nosferatu\\\/#breadcrumb\"},\"inLanguage\":\"es\",\"potentialAction\":[{\"@type\":\"ReadAction\",\"target\":[\"https:\\\/\\\/postrockisdead.com\\\/index.php\\\/2026\\\/09\\\/03\\\/haley-fohr-circuit-des-yeux-le-pone-banda-sonora-a-nosferatu\\\/\"]}]},{\"@type\":\"ImageObject\",\"inLanguage\":\"es\",\"@id\":\"https:\\\/\\\/postrockisdead.com\\\/index.php\\\/2026\\\/09\\\/03\\\/haley-fohr-circuit-des-yeux-le-pone-banda-sonora-a-nosferatu\\\/#primaryimage\",\"url\":\"https:\\\/\\\/postrockisdead.com\\\/wp-content\\\/uploads\\\/2025\\\/01\\\/Circuit-Des-Yeux.jpg\",\"contentUrl\":\"https:\\\/\\\/postrockisdead.com\\\/wp-content\\\/uploads\\\/2025\\\/01\\\/Circuit-Des-Yeux.jpg\",\"width\":1830,\"height\":1328,\"caption\":\"Circuit des Yeux\"},{\"@type\":\"BreadcrumbList\",\"@id\":\"https:\\\/\\\/postrockisdead.com\\\/index.php\\\/2026\\\/09\\\/03\\\/haley-fohr-circuit-des-yeux-le-pone-banda-sonora-a-nosferatu\\\/#breadcrumb\",\"itemListElement\":[{\"@type\":\"ListItem\",\"position\":1,\"name\":\"Portada\",\"item\":\"https:\\\/\\\/postrockisdead.com\\\/\"},{\"@type\":\"ListItem\",\"position\":2,\"name\":\"Haley Fohr (Circuit des Yeux) le pone banda sonora a Nosferatu\"}]},{\"@type\":\"WebSite\",\"@id\":\"https:\\\/\\\/postrockisdead.com\\\/#website\",\"url\":\"https:\\\/\\\/postrockisdead.com\\\/\",\"name\":\"\",\"description\":\"\",\"potentialAction\":[{\"@type\":\"SearchAction\",\"target\":{\"@type\":\"EntryPoint\",\"urlTemplate\":\"https:\\\/\\\/postrockisdead.com\\\/?s={search_term_string}\"},\"query-input\":{\"@type\":\"PropertyValueSpecification\",\"valueRequired\":true,\"valueName\":\"search_term_string\"}}],\"inLanguage\":\"es\"},{\"@type\":\"Person\",\"@id\":\"https:\\\/\\\/postrockisdead.com\\\/#\\\/schema\\\/person\\\/2e9f2d2d2b09959e0983baf35c421382\",\"name\":\"admin\",\"image\":{\"@type\":\"ImageObject\",\"inLanguage\":\"es\",\"@id\":\"https:\\\/\\\/secure.gravatar.com\\\/avatar\\\/79d4b3e6cfc71273d0223e805585d054d8b4a0c48576cc2698442df6c6747c78?s=96&d=mm&r=g\",\"url\":\"https:\\\/\\\/secure.gravatar.com\\\/avatar\\\/79d4b3e6cfc71273d0223e805585d054d8b4a0c48576cc2698442df6c6747c78?s=96&d=mm&r=g\",\"contentUrl\":\"https:\\\/\\\/secure.gravatar.com\\\/avatar\\\/79d4b3e6cfc71273d0223e805585d054d8b4a0c48576cc2698442df6c6747c78?s=96&d=mm&r=g\",\"caption\":\"admin\"},\"sameAs\":[\"http:\\\/\\\/postrockisdead.com\"],\"url\":\"https:\\\/\\\/postrockisdead.com\\\/index.php\\\/author\\\/admin\\\/\"}]}<\/script>\n<!-- \/ Yoast SEO plugin. -->","yoast_head_json":{"title":"Haley Fohr (Circuit des Yeux) le pone banda sonora a Nosferatu -","robots":{"index":"index","follow":"follow","max-snippet":"max-snippet:-1","max-image-preview":"max-image-preview:large","max-video-preview":"max-video-preview:-1"},"canonical":"https:\/\/postrockisdead.com\/index.php\/2026\/09\/03\/haley-fohr-circuit-des-yeux-le-pone-banda-sonora-a-nosferatu\/","og_locale":"es_ES","og_type":"article","og_title":"Haley Fohr (Circuit des Yeux) le pone banda sonora a Nosferatu -","og_description":"Haley Fohr, la persona detr\u00e1s del proyecto Circuit des Yeux, ha empezado a hacer una serie de lanzamientos de proyectos bajo producci\u00f3n propia. Bajo el nombre\u00a0Selector Series, el primer paso se trata de\u00a0Nosferatu, el cu\u00e1l saldr\u00e1 el pr\u00f3ximo 31 de octubre. La banda sonora contar\u00e1 con la participaci\u00f3n del integrante de Low,\u00a0Alan Sparhawk. As\u00ed lo [&hellip;]","og_url":"https:\/\/postrockisdead.com\/index.php\/2026\/09\/03\/haley-fohr-circuit-des-yeux-le-pone-banda-sonora-a-nosferatu\/","article_published_time":"2026-09-03T09:23:20+00:00","og_image":[{"width":1830,"height":1328,"url":"https:\/\/postrockisdead.com\/wp-content\/uploads\/2025\/01\/Circuit-Des-Yeux.jpg","type":"image\/jpeg"}],"author":"admin","twitter_card":"summary_large_image","twitter_misc":{"Escrito por":"admin","Tiempo de lectura":"2 minutos"},"schema":{"@context":"https:\/\/schema.org","@graph":[{"@type":"Article","@id":"https:\/\/postrockisdead.com\/index.php\/2026\/09\/03\/haley-fohr-circuit-des-yeux-le-pone-banda-sonora-a-nosferatu\/#article","isPartOf":{"@id":"https:\/\/postrockisdead.com\/index.php\/2026\/09\/03\/haley-fohr-circuit-des-yeux-le-pone-banda-sonora-a-nosferatu\/"},"author":{"name":"admin","@id":"https:\/\/postrockisdead.com\/#\/schema\/person\/2e9f2d2d2b09959e0983baf35c421382"},"headline":"Haley Fohr (Circuit des Yeux) le pone banda sonora a Nosferatu","datePublished":"2026-09-03T09:23:20+00:00","mainEntityOfPage":{"@id":"https:\/\/postrockisdead.com\/index.php\/2026\/09\/03\/haley-fohr-circuit-des-yeux-le-pone-banda-sonora-a-nosferatu\/"},"wordCount":230,"commentCount":0,"image":{"@id":"https:\/\/postrockisdead.com\/index.php\/2026\/09\/03\/haley-fohr-circuit-des-yeux-le-pone-banda-sonora-a-nosferatu\/#primaryimage"},"thumbnailUrl":"https:\/\/postrockisdead.com\/wp-content\/uploads\/2025\/01\/Circuit-Des-Yeux.jpg","keywords":["Circuit des Yeux"],"articleSection":["NOTICIAS"],"inLanguage":"es","potentialAction":[{"@type":"CommentAction","name":"Comment","target":["https:\/\/postrockisdead.com\/index.php\/2026\/09\/03\/haley-fohr-circuit-des-yeux-le-pone-banda-sonora-a-nosferatu\/#respond"]}]},{"@type":"WebPage","@id":"https:\/\/postrockisdead.com\/index.php\/2026\/09\/03\/haley-fohr-circuit-des-yeux-le-pone-banda-sonora-a-nosferatu\/","url":"https:\/\/postrockisdead.com\/index.php\/2026\/09\/03\/haley-fohr-circuit-des-yeux-le-pone-banda-sonora-a-nosferatu\/","name":"Haley Fohr (Circuit des Yeux) le pone banda sonora a Nosferatu -","isPartOf":{"@id":"https:\/\/postrockisdead.com\/#website"},"primaryImageOfPage":{"@id":"https:\/\/postrockisdead.com\/index.php\/2026\/09\/03\/haley-fohr-circuit-des-yeux-le-pone-banda-sonora-a-nosferatu\/#primaryimage"},"image":{"@id":"https:\/\/postrockisdead.com\/index.php\/2026\/09\/03\/haley-fohr-circuit-des-yeux-le-pone-banda-sonora-a-nosferatu\/#primaryimage"},"thumbnailUrl":"https:\/\/postrockisdead.com\/wp-content\/uploads\/2025\/01\/Circuit-Des-Yeux.jpg","datePublished":"2026-09-03T09:23:20+00:00","author":{"@id":"https:\/\/postrockisdead.com\/#\/schema\/person\/2e9f2d2d2b09959e0983baf35c421382"},"breadcrumb":{"@id":"https:\/\/postrockisdead.com\/index.php\/2026\/09\/03\/haley-fohr-circuit-des-yeux-le-pone-banda-sonora-a-nosferatu\/#breadcrumb"},"inLanguage":"es","potentialAction":[{"@type":"ReadAction","target":["https:\/\/postrockisdead.com\/index.php\/2026\/09\/03\/haley-fohr-circuit-des-yeux-le-pone-banda-sonora-a-nosferatu\/"]}]},{"@type":"ImageObject","inLanguage":"es","@id":"https:\/\/postrockisdead.com\/index.php\/2026\/09\/03\/haley-fohr-circuit-des-yeux-le-pone-banda-sonora-a-nosferatu\/#primaryimage","url":"https:\/\/postrockisdead.com\/wp-content\/uploads\/2025\/01\/Circuit-Des-Yeux.jpg","contentUrl":"https:\/\/postrockisdead.com\/wp-content\/uploads\/2025\/01\/Circuit-Des-Yeux.jpg","width":1830,"height":1328,"caption":"Circuit des Yeux"},{"@type":"BreadcrumbList","@id":"https:\/\/postrockisdead.com\/index.php\/2026\/09\/03\/haley-fohr-circuit-des-yeux-le-pone-banda-sonora-a-nosferatu\/#breadcrumb","itemListElement":[{"@type":"ListItem","position":1,"name":"Portada","item":"https:\/\/postrockisdead.com\/"},{"@type":"ListItem","position":2,"name":"Haley Fohr (Circuit des Yeux) le pone banda sonora a Nosferatu"}]},{"@type":"WebSite","@id":"https:\/\/postrockisdead.com\/#website","url":"https:\/\/postrockisdead.com\/","name":"","description":"","potentialAction":[{"@type":"SearchAction","target":{"@type":"EntryPoint","urlTemplate":"https:\/\/postrockisdead.com\/?s={search_term_string}"},"query-input":{"@type":"PropertyValueSpecification","valueRequired":true,"valueName":"search_term_string"}}],"inLanguage":"es"},{"@type":"Person","@id":"https:\/\/postrockisdead.com\/#\/schema\/person\/2e9f2d2d2b09959e0983baf35c421382","name":"admin","image":{"@type":"ImageObject","inLanguage":"es","@id":"https:\/\/secure.gravatar.com\/avatar\/79d4b3e6cfc71273d0223e805585d054d8b4a0c48576cc2698442df6c6747c78?s=96&d=mm&r=g","url":"https:\/\/secure.gravatar.com\/avatar\/79d4b3e6cfc71273d0223e805585d054d8b4a0c48576cc2698442df6c6747c78?s=96&d=mm&r=g","contentUrl":"https:\/\/secure.gravatar.com\/avatar\/79d4b3e6cfc71273d0223e805585d054d8b4a0c48576cc2698442df6c6747c78?s=96&d=mm&r=g","caption":"admin"},"sameAs":["http:\/\/postrockisdead.com"],"url":"https:\/\/postrockisdead.com\/index.php\/author\/admin\/"}]}},"_links":{"self":[{"href":"https:\/\/postrockisdead.com\/index.php\/wp-json\/wp\/v2\/posts\/2304","targetHints":{"allow":["GET"]}}],"collection":[{"href":"https:\/\/postrockisdead.com\/index.php\/wp-json\/wp\/v2\/posts"}],"about":[{"href":"https:\/\/postrockisdead.com\/index.php\/wp-json\/wp\/v2\/types\/post"}],"author":[{"embeddable":true,"href":"https:\/\/postrockisdead.com\/index.php\/wp-json\/wp\/v2\/users\/1"}],"replies":[{"embeddable":true,"href":"https:\/\/postrockisdead.com\/index.php\/wp-json\/wp\/v2\/comments?post=2304"}],"version-history":[{"count":2,"href":"https:\/\/postrockisdead.com\/index.php\/wp-json\/wp\/v2\/posts\/2304\/revisions"}],"predecessor-version":[{"id":2308,"href":"https:\/\/postrockisdead.com\/index.php\/wp-json\/wp\/v2\/posts\/2304\/revisions\/2308"}],"wp:featuredmedia":[{"embeddable":true,"href":"https:\/\/postrockisdead.com\/index.php\/wp-json\/wp\/v2\/media\/1365"}],"wp:attachment":[{"href":"https:\/\/postrockisdead.com\/index.php\/wp-json\/wp\/v2\/media?parent=2304"}],"wp:term":[{"taxonomy":"category","embeddable":true,"href":"https:\/\/postrockisdead.com\/index.php\/wp-json\/wp\/v2\/categories?post=2304"},{"taxonomy":"post_tag","embeddable":true,"href":"https:\/\/postrockisdead.com\/index.php\/wp-json\/wp\/v2\/tags?post=2304"}],"curies":[{"name":"wp","href":"https:\/\/api.w.org\/{rel}","templated":true}]}}